[{"@context":"https:\/\/schema.org\/","@type":"Article","@id":"https:\/\/www.artim.cz\/zivot-na-vesnici\/#Article","mainEntityOfPage":"https:\/\/www.artim.cz\/zivot-na-vesnici\/","headline":"\u017divot na vesnici","name":"\u017divot na vesnici","description":"\u017divot na vesnici\u2026 To je pro m\u011b \u00fapln\u011b n\u011bco jin\u00e9ho, ne\u017e ten ruch m\u011bsta. Je to n\u00e1dhera! Na vesnici je [&hellip;]","datePublished":"2024-06-27","dateModified":"2024-06-27","author":{"@type":"Person","@id":"https:\/\/www.artim.cz\/author\/#Person","name":"","url":"https:\/\/www.artim.cz\/author\/","identifier":1,"image":{"@type":"ImageObject","@id":"https:\/\/secure.gravatar.com\/avatar\/7b822bed19dfbc78d1cf42b3649cc2489d12c54b7aef64ae719c01ed9f13d563?s=96&d=mm&r=g","url":"https:\/\/secure.gravatar.com\/avatar\/7b822bed19dfbc78d1cf42b3649cc2489d12c54b7aef64ae719c01ed9f13d563?s=96&d=mm&r=g","height":96,"width":96}},"publisher":{"@type":"Organization","name":"artim.cz","logo":{"@type":"ImageObject","@id":"\/logo.png","url":"\/logo.png","width":600,"height":60}},"image":{"@type":"ImageObject","@id":"https:\/\/www.artim.cz\/wp-content\/uploads\/vesnice_1.jpg","url":"https:\/\/www.artim.cz\/wp-content\/uploads\/vesnice_1.jpg","height":0,"width":0},"url":"https:\/\/www.artim.cz\/zivot-na-vesnici\/","about":["\u017divotn\u00ed styl"],"wordCount":434,"articleBody":"\u017divot na vesnici\u2026 To je pro m\u011b \u00fapln\u011b n\u011bco jin\u00e9ho, ne\u017e ten ruch m\u011bsta. Je to n\u00e1dhera! Na vesnici je v\u0161echno takov\u00e9 klidn\u011bj\u0161\u00ed, pomalej\u0161\u00ed a hlavn\u011b, tady se \u017eije v kontaktu s p\u0159\u00edrodou. J\u00e1 osobn\u011b to miluju. Kdy\u017e r\u00e1no vyjdete ven a sly\u0161\u00edte zp\u011bv pt\u00e1\u010dk\u016f a \u0161um\u011bn\u00ed strom\u016f, m\u00e1te pocit, \u017ee tady \u010das plyne n\u011bjak jinak. A to hodn\u011b lidem pr\u00e1v\u011b vyhovuje.\u00a0Vesnice je m\u00edsto, kde se lid\u00e9 v\u011bt\u0161inou dob\u0159e znaj\u00ed a jsou k sob\u011b hodn\u00ed. Nejenom, \u017ee se tu pozdrav\u00ed ka\u017ed\u00fd s ka\u017ed\u00fdm, ale tak\u00e9 si t\u0159eba pom\u00e1haj\u00ed. To p\u00ed\u0161u dle toho, jak to zn\u00e1m j\u00e1 od n\u011bkter\u00fdch lid\u00ed, co na vesnic\u00edch \u017eijou. T\u0159eba kdy\u017e si n\u011bkdo mus\u00ed na chv\u00edli odsko\u010dit, soused V\u00e1m pohl\u00edd\u00e1 d\u011bti nebo v\u00e1m pom\u016f\u017ee s n\u011bjakou prac\u00ed na zahrad\u011b. A zahrada! Kdo m\u00e1 tu mo\u017enost, v\u00ed, jak\u00e1 je to radost, kdy\u017e si zas\u00e1z\u00edte n\u011bco mal\u00e9ho, co v\u00e1m potom roste, kvete a plod\u00ed ovoce nebo zeleninu. Nen\u00ed nic lep\u0161\u00edho, ne\u017e kdy\u017e sklid\u00edte to, co jste si sami vyp\u011bstovali. Takov\u00e9 jabl\u00ed\u010dko nebo raj\u010d\u00e1tko, to m\u00e1 jinou chu\u0165 ne\u017e to, co koup\u00edte v supermarketu. A i kdy\u017e je pr\u00e1ce kolem zahrady n\u011bkdy dost, nen\u00ed to v\u016fbec otravn\u00e9. Naopak, je to takov\u00fd p\u0159\u00edjemn\u00fd zp\u016fsob, jak si pro\u010distit hlavu a relaxovat. A v\u00edte co? Tady na vesnici je taky spousta v\u011bc\u00ed, co se daj\u00ed d\u011blat. T\u0159eba tu nejsou kina, divadla a kav\u00e1rny, ale jsou tam r\u016fzn\u00e9 akce, trhy a slavnosti. T\u0159eba masopust! Hlavn\u011b pokud m\u00e1te r\u00e1di proch\u00e1zky v\u00a0p\u0159\u00edrod\u011b, tak vesnice je na to jako d\u011blan\u00e1, mnohem v\u00edce ne\u017e velk\u00e9 ru\u0161n\u00e9 a divok\u00e9 m\u011bsto.\u00a0Samoz\u0159ejm\u011b, \u017ee to m\u00e1 i sv\u00e9 v\u00fdzvy. T\u0159eba kdy\u017e pot\u0159ebujete n\u011bco na posledn\u00ed chv\u00edli, nen\u00ed to tak jednoduch\u00e9 jako ve m\u011bst\u011b. Obchody nejsou hned za rohem a do m\u011bsta to prost\u011b chvilku trv\u00e1. Ale v\u00edte co? I to m\u00e1 sv\u00e9 kouzlo. Tady na vesnici si na v\u0161echno zvyknete a nakonec zjist\u00edte, \u017ee ani nic z toho v\u00e1m nechyb\u00ed. Naopak, \u017eivot na vesnici v\u00e1m umo\u017en\u00ed zpomalit a po\u0159\u00e1dn\u011b si u\u017e\u00edvat ka\u017ed\u00fd den. A t\u0159eba kdy\u017e nem\u00e1te tolik mo\u017enosti chodit do obchodu, tak tolik neutrat\u00edte pen\u011bz.                                                                                                                                                                                                                                                                                                                                                                                        3.7\/5 - (12 votes)        "},{"@context":"https:\/\/schema.org\/","@type":"BreadcrumbList","itemListElement":[{"@type":"ListItem","position":1,"name":"\u017divot na vesnici","item":"https:\/\/www.artim.cz\/zivot-na-vesnici\/#breadcrumbitem"}]}]