[{"@context":"https:\/\/schema.org\/","@type":"Article","@id":"https:\/\/www.artim.cz\/pro-desteve-dny\/#Article","mainEntityOfPage":"https:\/\/www.artim.cz\/pro-desteve-dny\/","headline":"Pro de\u0161t\u011bv\u00e9 dny","name":"Pro de\u0161t\u011bv\u00e9 dny","description":"T\u011b\u017eko si dovedeme p\u0159edstavit n\u011bjak\u00fd letn\u00ed hudebn\u00ed festival bez p\u00e1rty stan\u016f. Jak\u00e1koliv akce, kter\u00e1 se po\u0159\u00e1d\u00e1 pod otev\u0159en\u00fdm nebem, je [&hellip;]","datePublished":"2023-03-20","dateModified":"2023-04-25","author":{"@type":"Person","@id":"https:\/\/www.artim.cz\/author\/#Person","name":"","url":"https:\/\/www.artim.cz\/author\/","identifier":1,"image":{"@type":"ImageObject","@id":"https:\/\/secure.gravatar.com\/avatar\/7b822bed19dfbc78d1cf42b3649cc2489d12c54b7aef64ae719c01ed9f13d563?s=96&d=mm&r=g","url":"https:\/\/secure.gravatar.com\/avatar\/7b822bed19dfbc78d1cf42b3649cc2489d12c54b7aef64ae719c01ed9f13d563?s=96&d=mm&r=g","height":96,"width":96}},"publisher":{"@type":"Organization","name":"artim.cz","logo":{"@type":"ImageObject","@id":"\/logo.png","url":"\/logo.png","width":600,"height":60}},"image":{"@type":"ImageObject","@id":"https:\/\/www.artim.cz\/wp-content\/uploads\/fixed-g0158a0cb0_640.jpg","url":"https:\/\/www.artim.cz\/wp-content\/uploads\/fixed-g0158a0cb0_640.jpg","height":0,"width":0},"url":"https:\/\/www.artim.cz\/pro-desteve-dny\/","about":["Produkty"],"wordCount":436,"articleBody":"        T\u011b\u017eko si dovedeme p\u0159edstavit n\u011bjak\u00fd letn\u00ed hudebn\u00ed festival bez p\u00e1rty stan\u016f. Jak\u00e1koliv akce, kter\u00e1 se po\u0159\u00e1d\u00e1 pod otev\u0159en\u00fdm nebem, je v\u017edy s ot\u00e1zkou, jak\u00e9 bude po\u010das\u00ed? Bude hork\u00fd den a ve\u010der se p\u0159i\u017eenou bou\u0159ky, nebo bude jen hork\u00fd den, nebo bude cel\u00fd den pr\u0161et? To se d\u00e1 dop\u0159edu t\u011b\u017eko odhadnout a co se t\u00fdk\u00e1n velk\u00fdch festival\u016f, tam je datum kon\u00e1n\u00ed ur\u010den \u010dasto i v\u00edce ne\u017e rok dop\u0159edu. P\u00e1rty stany ocen\u00edte ve v\u0161ech p\u0159\u00edpadech po\u010das\u00ed. V hork\u00e9m l\u00e9t\u011b, kdy je p\u0159es den teploty nad 30\u00b0C bude p\u0159\u00edjemn\u00fdm m\u00edstem, kam se aspo\u0148 na chv\u00edli schovat do st\u00ednu. V de\u0161tiv\u00e9m dni se m\u016f\u017eeme schovat a t\u0159eba se na chv\u00edli ot\u0159epat z pl\u00e1\u0161t\u011bnek. V p\u00e1rty stanech jsou v\u011bt\u0161inou i lavi\u010dky. Pokud jste na hudebn\u00edm festivalu, kter\u00fd trv\u00e1 i t\u0159i \u010dty\u0159i dny a v\u011bt\u0161inu \u010dasu stoj\u00edte pod p\u00f3diem, m\u00e1 lavi\u010dka pro va\u0161e nohy cenu zlata. P\u00e1rty stany se tak\u00e9 vyu\u017e\u00edvaj\u00ed pro setk\u00e1v\u00e1n\u00ed s kapelami, kter\u00e9 na festivalech vystupuj\u00ed. Mnoz\u00ed \u00fa\u010dastn\u00edci jsou ochotn\u00ed se vyst\u00e1t dlouhou frontu, jen aby si odvezli plak\u00e1t podepsan\u00fd v\u0161emi \u010dleny kapely. Ale nejen obrovsk\u00e9 p\u00e1rty stany pro stovky lid\u00ed, i men\u0161\u00ed party stany maj\u00ed sv\u00e9 d\u016fle\u017eit\u00e9 m\u00edsto.  P\u00e1rty stan 2&#215;2 se m\u016f\u017ee hodit drobn\u00e9mu prodejci, kter\u00fd prod\u00e1v\u00e1 sv\u00e9 v\u00fdrobky na farm\u00e1\u0159sk\u00fdch trz\u00edch, na velikono\u010dn\u00edch \u010di v\u00e1no\u010dn\u00edch trz\u00edch, ale tak\u00e9 na on\u011bch velk\u00fdch festivalech. Mohou na nich prod\u00e1vat jak ob\u010derstven\u00ed, tak t\u0159eba tematicky zam\u011b\u0159en\u00e9 oble\u010den\u00ed, dopl\u0148ky a \u0161perky, ale t\u0159eba i upom\u00ednkov\u00e9 p\u0159edm\u011bty. P\u00e1rty stan je nutnost\u00ed i na svatb\u00e1ch, kter\u00e9 se konaj\u00ed v p\u0159\u00edrod\u011b nebo na zahrad\u011b u va\u0161eho domu. Fotky, ve kter\u00fdch nev\u011bsta v galo\u0161\u00edch p\u0159eb\u00edh\u00e1 mezi jednotliv\u00fdmi p\u00e1rty stany, to je n\u011bco, na co se bude vzpom\u00ednat cel\u00fd \u017eivot a v momentu svatby novoman\u017eel\u00e9 ur\u010dit\u011b neuklidn\u00ed slova, \u017ee jim pr\u0161\u00ed \u0161t\u011bst\u00ed. P\u00e1rty stan m\u016f\u017ee zachr\u00e1nit situaci a prvn\u00ed tanec novoman\u017eel\u016f za dun\u011bn\u00ed bou\u0159ky, bude v p\u00e1rty stanu na pohodu. P\u00e1rty stan zachr\u00e1n\u00ed v\u0161echny akce, pokud v\u00e1m po\u010das\u00ed nep\u0159eje.                                                                                                                                                                                                                                                                                                                                                                                          4.1\/5 - (11 votes)        "},{"@context":"https:\/\/schema.org\/","@type":"BreadcrumbList","itemListElement":[{"@type":"ListItem","position":1,"name":"Pro de\u0161t\u011bv\u00e9 dny","item":"https:\/\/www.artim.cz\/pro-desteve-dny\/#breadcrumbitem"}]}]