[{"@context":"https:\/\/schema.org\/","@type":"Article","@id":"https:\/\/www.artim.cz\/prespete-u-nas\/#Article","mainEntityOfPage":"https:\/\/www.artim.cz\/prespete-u-nas\/","headline":"P\u0159esp\u011bte u n\u00e1s","name":"P\u0159esp\u011bte u n\u00e1s","description":"Pot\u0159ebujete nutn\u011b p\u0159espat v na\u0161em hlavn\u00edm m\u011bst\u011b, ale nechce se v\u00e1m platit horentn\u00ed sumy za drah\u00e9 hotely? M\u00e1me pro v\u00e1s [&hellip;]","datePublished":"2025-09-03","dateModified":"2025-09-03","author":{"@type":"Person","@id":"https:\/\/www.artim.cz\/author\/#Person","name":"","url":"https:\/\/www.artim.cz\/author\/","identifier":1,"image":{"@type":"ImageObject","@id":"https:\/\/secure.gravatar.com\/avatar\/7b822bed19dfbc78d1cf42b3649cc2489d12c54b7aef64ae719c01ed9f13d563?s=96&d=mm&r=g","url":"https:\/\/secure.gravatar.com\/avatar\/7b822bed19dfbc78d1cf42b3649cc2489d12c54b7aef64ae719c01ed9f13d563?s=96&d=mm&r=g","height":96,"width":96}},"publisher":{"@type":"Organization","name":"artim.cz","logo":{"@type":"ImageObject","@id":"\/logo.png","url":"\/logo.png","width":600,"height":60}},"url":"https:\/\/www.artim.cz\/prespete-u-nas\/","wordCount":196,"articleBody":"Pot\u0159ebujete nutn\u011b p\u0159espat v na\u0161em hlavn\u00edm m\u011bst\u011b, ale nechce se v\u00e1m platit horentn\u00ed sumy za drah\u00e9 hotely? M\u00e1me pro v\u00e1s velice zaj\u00edmavou nab\u00eddku. Nab\u00edz\u00edme v\u00e1m dnes levn\u00e9 ubytov\u00e1n\u00ed Praha, kter\u00e9 se v\u00e1m bude jist\u011b l\u00edbit!!! Za noc v hlavn\u00edm m\u011bst\u011b nemus\u00edte utr\u00e1cet \u017e\u00e1dn\u00e9 velk\u00e9 \u010d\u00e1stky! D\u00edky n\u00e1m u\u0161et\u0159\u00edte D\u00edky n\u00e1m u\u0161et\u0159\u00edte nemal\u00e9 pen\u00edze! Zapla\u0165te si levn\u00e9 ubytov\u00e1n\u00ed Praha a budete spokojeni. Pen\u00edze, kter\u00e9 d\u00e1te za p\u0159esp\u00e1n\u00ed u n\u00e1s, v\u00e1s jist\u011b nebudou mrzet. Pro\u017eijte p\u0159\u00edjemnou noc v n\u011bkter\u00e9m z na\u0161ich objekt\u016f a u\u0161et\u0159en\u00e9 pen\u00edze pou\u017eijte t\u0159eba na z\u00e1bavu v na\u0161em kr\u00e1sn\u00e9m hlavn\u00edm m\u011bst\u011b. Jist\u011b se v\u00e1m budou hodit. T\u011b\u0161\u00edme se na va\u0161i n\u00e1v\u0161t\u011bvu u n\u00e1s, jist\u011b budete spokojeni. \u0158ekn\u011bte o mo\u017enosti p\u0159esp\u00e1n\u00ed v na\u0161ich objektech tak\u00e9 va\u0161im zn\u00e1m\u00fdm, budou v\u00e1s nosit na rukou za tak skv\u011bl\u00fd tip!                                                                                                                                                                                                                                                                                                                                                                                                "},{"@context":"https:\/\/schema.org\/","@type":"BreadcrumbList","itemListElement":[{"@type":"ListItem","position":1,"name":"P\u0159esp\u011bte u n\u00e1s","item":"https:\/\/www.artim.cz\/prespete-u-nas\/#breadcrumbitem"}]}]