[{"@context":"https:\/\/schema.org\/","@type":"Article","@id":"https:\/\/www.artim.cz\/podnikame-na-presticku-se-sidlem-firmy-v-plzni\/#Article","mainEntityOfPage":"https:\/\/www.artim.cz\/podnikame-na-presticku-se-sidlem-firmy-v-plzni\/","headline":"Podnik\u00e1me na P\u0159e\u0161ticku se s\u00eddlem firmy v Plzni","name":"Podnik\u00e1me na P\u0159e\u0161ticku se s\u00eddlem firmy v Plzni","description":"\u0158\u00edk\u00e1 v\u00e1m n\u011bco \u0159eka \u00dahlava? Pramen\u00ed na \u0160umav\u011b a prot\u00e9k\u00e1 velmi malebnou krajinou mezi Klatovy, P\u0159e\u0161ticemi a Plzn\u00ed, kde se [&hellip;]","datePublished":"2024-02-21","dateModified":"2024-03-22","author":{"@type":"Person","@id":"https:\/\/www.artim.cz\/author\/#Person","name":"","url":"https:\/\/www.artim.cz\/author\/","identifier":1,"image":{"@type":"ImageObject","@id":"https:\/\/secure.gravatar.com\/avatar\/7b822bed19dfbc78d1cf42b3649cc2489d12c54b7aef64ae719c01ed9f13d563?s=96&d=mm&r=g","url":"https:\/\/secure.gravatar.com\/avatar\/7b822bed19dfbc78d1cf42b3649cc2489d12c54b7aef64ae719c01ed9f13d563?s=96&d=mm&r=g","height":96,"width":96}},"publisher":{"@type":"Organization","name":"artim.cz","logo":{"@type":"ImageObject","@id":"\/logo.png","url":"\/logo.png","width":600,"height":60}},"image":{"@type":"ImageObject","@id":"https:\/\/www.artim.cz\/wp-content\/uploads\/czech-republic-4673167_640.jpg","url":"https:\/\/www.artim.cz\/wp-content\/uploads\/czech-republic-4673167_640.jpg","height":0,"width":0},"url":"https:\/\/www.artim.cz\/podnikame-na-presticku-se-sidlem-firmy-v-plzni\/","about":["Slu\u017eby"],"wordCount":443,"articleBody":"   \u0158\u00edk\u00e1 v\u00e1m n\u011bco \u0159eka \u00dahlava? Pramen\u00ed na \u0160umav\u011b a prot\u00e9k\u00e1 velmi malebnou krajinou mezi Klatovy, P\u0159e\u0161ticemi a Plzn\u00ed, kde se vl\u00e9v\u00e1 do Radbuzy a n\u00e1sledn\u011b pak spole\u010dn\u011b spoluvytv\u00e1\u0159\u00ed tok jedn\u00e9 z nejkr\u00e1sn\u011bj\u0161\u00edch \u0159ek v republice \u2013 Berounky. P\u0159e\u0161ticko je opravdu podmaniv\u00e9 m\u00edsto k bydlen\u00ed, a jestli\u017ee pr\u00e1v\u011b vy sd\u00edl\u00edte tamn\u00ed prostor s va\u0161imi rodi\u010di, prarodi\u010di a dal\u0161\u00edmi p\u0159\u00edbuzn\u00fdmi a p\u0159\u00e1teli, m\u00e1te velk\u00e9 \u0161t\u011bst\u00ed, kter\u00e9ho byste si m\u011bli pova\u017eovat.Jen\u017ee ani na P\u0159e\u0161ticku ne\u017eij\u00ed v\u0161ichni lid\u00e9 na \u00farovni. Jsou tu mezi n\u00e1mi i z\u00e1vistivci, krimin\u00e1ln\u00ed \u017eivly a dal\u0161\u00ed pochybn\u00e9 existence, kter\u00e9 va\u0161emu podnik\u00e1n\u00ed rozhodn\u011b p\u0159\u00e1t nebudou. V sou\u010dasn\u00e9 dob\u011b si mus\u00edte d\u00e1vat velk\u00fd pozor na to, komu sv\u011b\u0159ujete sv\u00e9 d\u016fv\u011brn\u00e9 informace, a t\u00edm sp\u00ed\u0161e o va\u0161\u00ed podnikatelsk\u00e9 \u010dinnosti. Nev\u00fdhodou oblast\u00ed mal\u00fdch m\u011bst a obc\u00ed je pr\u00e1v\u011b to, \u017ee v\u00e1s tu v\u011bt\u0161ina lid\u00ed zn\u00e1, a t\u00edm p\u00e1dem v\u00e1s tak\u00e9 m\u016f\u017ee n\u011bkdo ze z\u00e1visti psychicky deptat nebo dokonce vyd\u00edrat.Vy\u0159i\u010fte si rad\u011bji s\u00eddlo ve velk\u00e9m m\u011bst\u011b \u2013 P\u0159e\u0161tice se nach\u00e1z\u00ed jen n\u011bkolik kilometr\u016f od ji\u017en\u00edho okraje Plzn\u011b, a jestli\u017ee si pr\u00e1v\u011b tam z\u0159\u00edd\u00edte s\u00eddlo firmy, a z\u016fstanete ve sv\u00e9m bydli\u0161ti v utajen\u00ed, budete m\u00edt v podstat\u011b klid. Anonymita velk\u00fdch krajsk\u00fdch m\u011bst je velmi v\u00fdhodn\u00e1 vlastn\u011b pro ka\u017ed\u00e9ho, proto\u017ee v\u00e1s tam nikdo nezn\u00e1, co\u017e se hod\u00ed nejen z d\u016fvodu eliminace z\u00e1visti, ale tak\u00e9 pro bezpe\u010dn\u011bj\u0161\u00ed po\u0159\u00e1d\u00e1n\u00ed obchodn\u00edch jedn\u00e1n\u00ed a sch\u016fzek. Kdybyste je uspo\u0159\u00e1dali ve va\u0161em bydli\u0161ti, je docela pravd\u011bpodobn\u00e9, \u017ee se pohyb osob kolem va\u0161eho domu p\u0159enese do m\u00edstn\u00edch tam-tam\u016f, a bude o tom v\u011bd\u011bt cel\u00e1 obec.Z\u0159\u00edzen\u00edm virtu\u00e1ln\u00edho s\u00eddla v Plzni z\u00edsk\u00e1te vstupenku do zasedac\u00edch prostor s kuchy\u0148kou, kde m\u016f\u017eete v\u00e9st ve\u0161ker\u00e1 firemn\u00ed jedn\u00e1n\u00ed, co\u017e tak\u00e9 bude p\u016fsobit v\u00edce reprezentativn\u011b. Plze\u0148 je nav\u00edc kr\u00e1sn\u00e9 m\u011bsto na soutoku n\u011bkolika \u0159ek a m\u016f\u017eete si ve chv\u00edl\u00edch volna u\u017e\u00edt proch\u00e1zku nebo proj\u00ed\u017e\u010fku pod\u00e9l Berounky, abyste potvrdili, \u017ee m\u00e1me pravdu, kdy\u017e tvrd\u00edme, \u017ee je to nejkr\u00e1sn\u011bj\u0161\u00ed \u0159eka v republice.                                                                                                                                                                                                                                                                                                                                                                                          4.4\/5 - (5 votes)        "},{"@context":"https:\/\/schema.org\/","@type":"BreadcrumbList","itemListElement":[{"@type":"ListItem","position":1,"name":"Podnik\u00e1me na P\u0159e\u0161ticku se s\u00eddlem firmy v Plzni","item":"https:\/\/www.artim.cz\/podnikame-na-presticku-se-sidlem-firmy-v-plzni\/#breadcrumbitem"}]}]