[{"@context":"https:\/\/schema.org\/","@type":"Article","@id":"https:\/\/www.artim.cz\/moje-spolecnost\/#Article","mainEntityOfPage":"https:\/\/www.artim.cz\/moje-spolecnost\/","headline":"Moje spole\u010dnost","name":"Moje spole\u010dnost","description":"V\u017edycky jsem byla takov\u00fd \u010dlov\u011bk, kter\u00fd byl r\u00e1d ve\u00a0spole\u010dnosti\u00a0a tak\u00e9 jsem byla velik\u00fd extrovert. J\u00e1 jsem byla extrovert snad u\u017e [&hellip;]","datePublished":"2022-10-18","dateModified":"2023-04-25","author":{"@type":"Person","@id":"https:\/\/www.artim.cz\/author\/#Person","name":"","url":"https:\/\/www.artim.cz\/author\/","identifier":1,"image":{"@type":"ImageObject","@id":"https:\/\/secure.gravatar.com\/avatar\/7b822bed19dfbc78d1cf42b3649cc2489d12c54b7aef64ae719c01ed9f13d563?s=96&d=mm&r=g","url":"https:\/\/secure.gravatar.com\/avatar\/7b822bed19dfbc78d1cf42b3649cc2489d12c54b7aef64ae719c01ed9f13d563?s=96&d=mm&r=g","height":96,"width":96}},"publisher":{"@type":"Organization","name":"artim.cz","logo":{"@type":"ImageObject","@id":"\/logo.png","url":"\/logo.png","width":600,"height":60}},"image":{"@type":"ImageObject","@id":"https:\/\/www.artim.cz\/wp-content\/uploads\/team-4529717_960_720_4.jpg","url":"https:\/\/www.artim.cz\/wp-content\/uploads\/team-4529717_960_720_4.jpg","height":0,"width":0},"url":"https:\/\/www.artim.cz\/moje-spolecnost\/","about":["Spole\u010dnost"],"wordCount":433,"articleBody":"V\u017edycky jsem byla takov\u00fd \u010dlov\u011bk, kter\u00fd byl r\u00e1d ve\u00a0spole\u010dnosti\u00a0a tak\u00e9 jsem byla velik\u00fd extrovert. J\u00e1 jsem byla extrovert snad u\u017e od narozen\u00ed. Proto\u017ee je moje m\u00e1ma mi \u0159\u00edkala, \u017ee kdy\u017e jsem potom chodila do \u0161kolky, tak jsem tam v\u016fbec nebre\u010dela jako ostatn\u00ed d\u011bti, proto\u017ee moje m\u00e1ma mi vypr\u00e1v\u011bla, \u017ee kdy\u017e jsem \u0161la prvn\u00ed den do \u0161kolky, tak v\u0161echny d\u011bti tam \u00fapln\u011b bre\u010dely a necht\u011bly se v\u016fbec pustit m\u00e1 m\u00e1miny sukn\u011b. A m\u011b se zase necht\u011blo j\u00edt v\u016fbec dom\u016f. J\u00e1 to v tu dobu v\u016fbec nech\u00e1pala, pro\u010d nikdo\u00a0nechce\u00a0b\u00fdt ve \u0161kolce, v\u017edy\u0165 je tam velk\u00e1 z\u00e1bava. A proto\u017ee si tak\u00e9 matn\u011b vzpom\u00edn\u00e1m, \u017ee j\u00e1 jako mal\u00e9 p\u011btilet\u00e9 d\u00edt\u011b ve \u0161kolce jsem se do \u0161kolky \u00fapln\u011b t\u011b\u0161ila. A sp\u00ed\u0161 a jsem potom bre\u010dela, \u017ee jsem v\u016fbec necht\u011bla j\u00edt dom\u016f s m\u00e1mou, proto\u017ee ve \u0161kolce jsem m\u011bla tolik spole\u010dnosti a tolik d\u011bt\u00ed, \u017ee mi tam bylo samoz\u0159ejm\u011b dob\u0159e. Tak\u017ee jsem v\u017edycky ze \u0161kolky chodila dom\u016f a\u017e ve \u010dty\u0159i odpoledne, proto\u017ee d\u0159\u00edve jsem necht\u011bla. A sice doma to tak\u00e9 bylo bezva a m\u011bla jsem hodn\u00e9 rodi\u010de a sourozence, ale m\u011b to nebavilo ve \u0161kolce. Proto\u017ee doma jsem nem\u011bla tolik hra\u010dek jako ve \u0161kolce. Tak\u017ee potom, kdy\u017e jsem tak\u00e9 nastupovala do prvn\u00ed t\u0159\u00eddy, kde byla zase \u00fapln\u011b jinak\u00a0spole\u010dnost, tak jsem tak\u00e9 byla nad\u0161en\u00e1, \u017ee pat\u0159\u00edm k t\u011bm lidem, kte\u0159\u00ed se moc r\u00e1di seznamuj\u00ed a bav\u00ed je to.\u00a0 A opravdu bych nespo\u010d\u00edtala, kolik m\u00e1m skv\u011bl\u00fdch p\u0159\u00e1tel. Sice je se s nimi nev\u00edd\u00e1m \u010dasto, proto\u017ee m\u00e1m velice n\u00e1ro\u010dnou pr\u00e1ci a tak\u00e9 brig\u00e1du, ale jsem v\u017edycky opravdu r\u00e1da, t\u0159eba kdy se m\u016f\u017eu sezn\u00e1mit s nov\u00fdmi lidmi anebo kdy\u017e jsem v n\u011bjak\u00e9 dobr\u00e9 spole\u010dnosti, kde je velik\u00e1 z\u00e1bava. A jak jste na tom vy a\u00a0spole\u010dnost? Tak\u00e9 zn\u00e1m lidi, kte\u0159\u00ed maj\u00ed pr\u00e1v\u011b ze spole\u010dnosti fobii, \u017ee jsou sp\u00ed\u0161e uzav\u0159en\u00ed\u00a0introverti\u00a0a jsou nejrad\u011bji sami doma jen s\u00a0omezen\u00fdm\u00a0po\u010dtem\u00a0p\u0159\u00e1tel.\u00a0To\u00a0asi jen j\u00e1 jedin\u00e1\u00a0jsem\u00a0se\u00a0narodila\u00a0takov\u00e1 divok\u00e1 s velk\u00fdm\u00a0smyslem pro humor. V\u00edte, m\u00e1m r\u00e1da spole\u010dnost lid\u00ed, kde je z\u00e1bava a sm\u00edch.\u00a0                                                                                                                                                                                                                                                                                                                                                                                        4.4\/5 - (10 votes)        "},{"@context":"https:\/\/schema.org\/","@type":"BreadcrumbList","itemListElement":[{"@type":"ListItem","position":1,"name":"Moje spole\u010dnost","item":"https:\/\/www.artim.cz\/moje-spolecnost\/#breadcrumbitem"}]}]