[{"@context":"https:\/\/schema.org\/","@type":"Article","@id":"https:\/\/www.artim.cz\/kdyz-ma-muz-vetsi-zajem-o-sve-auto-nez-o-vas\/#Article","mainEntityOfPage":"https:\/\/www.artim.cz\/kdyz-ma-muz-vetsi-zajem-o-sve-auto-nez-o-vas\/","headline":"Kdy\u017e m\u00e1 mu\u017e v\u011bt\u0161\u00ed z\u00e1jem o sv\u00e9 auto, ne\u017e o v\u00e1s&#8230;","name":"Kdy\u017e m\u00e1 mu\u017e v\u011bt\u0161\u00ed z\u00e1jem o sv\u00e9 auto, ne\u017e o v\u00e1s&#8230;","description":"Jsou p\u00e1ry, kdy to vypad\u00e1 tak, \u017ee pokud dva lid\u00e9 nejsou n\u011bkde na v\u00fdlet\u011b, skoro spolu nejsou. Jak je n\u011bco [&hellip;]","datePublished":"2023-02-27","dateModified":"2023-07-27","author":{"@type":"Person","@id":"https:\/\/www.artim.cz\/author\/#Person","name":"","url":"https:\/\/www.artim.cz\/author\/","identifier":1,"image":{"@type":"ImageObject","@id":"https:\/\/secure.gravatar.com\/avatar\/7b822bed19dfbc78d1cf42b3649cc2489d12c54b7aef64ae719c01ed9f13d563?s=96&d=mm&r=g","url":"https:\/\/secure.gravatar.com\/avatar\/7b822bed19dfbc78d1cf42b3649cc2489d12c54b7aef64ae719c01ed9f13d563?s=96&d=mm&r=g","height":96,"width":96}},"publisher":{"@type":"Organization","name":"artim.cz","logo":{"@type":"ImageObject","@id":"\/logo.png","url":"\/logo.png","width":600,"height":60}},"image":{"@type":"ImageObject","@id":"https:\/\/www.artim.cz\/wp-content\/uploads\/man-362150_1280.jpg","url":"https:\/\/www.artim.cz\/wp-content\/uploads\/man-362150_1280.jpg","height":0,"width":0},"url":"https:\/\/www.artim.cz\/kdyz-ma-muz-vetsi-zajem-o-sve-auto-nez-o-vas\/","about":["Auto"],"wordCount":459,"articleBody":"Jsou p\u00e1ry, kdy to vypad\u00e1 tak, \u017ee pokud dva lid\u00e9 nejsou n\u011bkde na v\u00fdlet\u011b, skoro spolu nejsou. Jak je n\u011bco takov\u00e9ho mo\u017en\u00e9? Je to mnohdy t\u00edm, \u017ee dan\u00fd mu\u017e v\u011bnuje ve\u0161ker\u00fd sv\u016fj \u010das sv\u00e9mu vozu. Mnoho \u017een, kter\u00e9 takov\u00e9ho mu\u017ee maj\u00ed, jsou ne\u0161\u0165astn\u00e9, proto\u017ee pokud mu\u017e tr\u00e1v\u00ed sv\u016fj \u010das od r\u00e1na do ve\u010dera v gar\u00e1\u017ei a sv\u00e9 \u017een\u011b se v\u016fbec nev\u011bnuje, nem\u016f\u017eeme se divit tomu, \u017ee \u017eena nen\u00ed v takov\u00e9m vztahu \u0161\u0165astn\u00e1. Asi nikdo by nebyl \u0161\u0165astn\u00fd, pokud by m\u011bl p\u0159\u00edtele, kter\u00fd toho v\u00ed daleko v\u00edce o sv\u00e9m voze ne\u017e o sv\u00e9 \u017een\u011b. Takov\u00e9 p\u00e1ry jsou a mnohdy to dopad\u00e1 tak, \u017ee se na konec \u017eena rozhodne takov\u00e9ho mu\u017ee opustit, proto\u017ee nem\u00e1 z\u00e1jem o to b\u00fdt s n\u011bk\u00fdm, kdo se j\u00ed v\u016fbec nev\u011bnuje. S n\u011bkter\u00fdmi lidmi to rozhodn\u011b nen\u00ed tak jednoduch\u00e9, jak bychom si kolikr\u00e1t p\u0159\u00e1li. Pokud i vy m\u00e1te mu\u017ee, kter\u00fd v\u00e1m nev\u011bnuje \u017e\u00e1dnou pozornost a rad\u011bji se v\u011bnuje sv\u00e9mu vozu, v\u011b\u0159te, \u017ee bude nejlep\u0161\u00ed naj\u00edt si n\u011bkoho jin\u00e9ho. I kdyby \u017eena skon\u010dila na konec sama, ve v\u00fdsledku to nebude a\u017e takov\u00e1 zm\u011bna, proto\u017ee pokud m\u00e1te mu\u017ee, kter\u00fd se v\u00e1m nev\u011bnuje, je to skoro to sam\u00e9, jako byste nikoho nem\u011bli. St\u00e1le jste na v\u0161e sami a st\u00e1le v\u00e1m nikdo s ni\u010d\u00edm nepom\u016f\u017ee. N\u011bkdy je rozchod t\u00edm nejlep\u0161\u00edm \u0159e\u0161en\u00edm, proto\u017ee se m\u016f\u017ee st\u00e1t, \u017ee se najde mu\u017e, kter\u00fd takov\u00fd nebude a pro kter\u00e9ho nebude probl\u00e9m v\u00e1m pomoct kdykoliv to bude pot\u0159eba. Je dobr\u00e9, kdy\u017e m\u00e1 \u010dlov\u011bk n\u011bjak\u00fd kon\u00ed\u010dek, ale bylo by dobr\u00e9 zamyslet se nad t\u00edm, jestli se sv\u00e9mu kon\u00ed\u010dku n\u00e1hodou nev\u011bnujete a\u017e moc, tak\u017ee kv\u016fli n\u011bmu zanedb\u00e1v\u00e1te sv\u00e9ho partnera. I p\u0159esto, \u017ee p\u0159edem sv\u00e9ho partnera obezn\u00e1m\u00edte s t\u00edm, co r\u00e1di d\u011bl\u00e1te nebo ned\u011bl\u00e1te, kolikr\u00e1t je to tak, \u017ee dan\u00fd \u010dlov\u011bk douf\u00e1, \u017ee sv\u00e9 kon\u00ed\u010dky n\u011bjak\u00fdm zp\u016fsobem omez\u00edte, abyste si na\u0161li \u010das i na dan\u00e9ho \u010dlov\u011bka. Pokud si nejste schopni ud\u011blat na va\u0161i drahou polovi\u010dku \u010das, nem\u011bli byste si nikoho hledat. Dan\u00e9mu \u010dlov\u011bku akor\u00e1t ubl\u00ed\u017e\u00edte t\u00edm, pokud s n\u00edm nebudete tr\u00e1vit \u010das, kter\u00fd je rozhodn\u011b pot\u0159eba spole\u010dn\u011b tr\u00e1vit.                                                                                                                                                                                                                                                                                                                                                                                        4.2\/5 - (12 votes)        "},{"@context":"https:\/\/schema.org\/","@type":"BreadcrumbList","itemListElement":[{"@type":"ListItem","position":1,"name":"Kdy\u017e m\u00e1 mu\u017e v\u011bt\u0161\u00ed z\u00e1jem o sv\u00e9 auto, ne\u017e o v\u00e1s&#8230;","item":"https:\/\/www.artim.cz\/kdyz-ma-muz-vetsi-zajem-o-sve-auto-nez-o-vas\/#breadcrumbitem"}]}]