[{"@context":"https:\/\/schema.org\/","@type":"Article","@id":"https:\/\/www.artim.cz\/co-vas-muze-potkat-pri-stehovani-do-zahranici\/#Article","mainEntityOfPage":"https:\/\/www.artim.cz\/co-vas-muze-potkat-pri-stehovani-do-zahranici\/","headline":"Co v\u00e1s m\u016f\u017ee potkat p\u0159i st\u011bhov\u00e1n\u00ed do zahrani\u010d\u00ed","name":"Co v\u00e1s m\u016f\u017ee potkat p\u0159i st\u011bhov\u00e1n\u00ed do zahrani\u010d\u00ed","description":"Sn\u011bhov\u00e1 kalamita \u2013 zastihla v\u00e1s n\u011bkdy v \u017eivot\u011b po\u0159\u00e1dn\u00e1 sn\u011bhov\u00e1 kalamita? A u\u017eili jste si ji nap\u0159\u00edklad tak, \u017ee jste [&hellip;]","datePublished":"2024-12-10","dateModified":"2024-12-10","author":{"@type":"Person","@id":"https:\/\/www.artim.cz\/author\/#Person","name":"","url":"https:\/\/www.artim.cz\/author\/","identifier":1,"image":{"@type":"ImageObject","@id":"https:\/\/secure.gravatar.com\/avatar\/7b822bed19dfbc78d1cf42b3649cc2489d12c54b7aef64ae719c01ed9f13d563?s=96&d=mm&r=g","url":"https:\/\/secure.gravatar.com\/avatar\/7b822bed19dfbc78d1cf42b3649cc2489d12c54b7aef64ae719c01ed9f13d563?s=96&d=mm&r=g","height":96,"width":96}},"publisher":{"@type":"Organization","name":"artim.cz","logo":{"@type":"ImageObject","@id":"\/logo.png","url":"\/logo.png","width":600,"height":60}},"image":{"@type":"ImageObject","@id":"https:\/\/www.artim.cz\/wp-content\/uploads\/international-2693255_640_1.jpg","url":"https:\/\/www.artim.cz\/wp-content\/uploads\/international-2693255_640_1.jpg","height":0,"width":0},"url":"https:\/\/www.artim.cz\/co-vas-muze-potkat-pri-stehovani-do-zahranici\/","about":["Slu\u017eby"],"wordCount":439,"articleBody":"       Sn\u011bhov\u00e1 kalamita \u2013 zastihla v\u00e1s n\u011bkdy v \u017eivot\u011b po\u0159\u00e1dn\u00e1 sn\u011bhov\u00e1 kalamita? A u\u017eili jste si ji nap\u0159\u00edklad tak, \u017ee jste v lednu jeli na kole do zam\u011bstn\u00e1n\u00ed jako zdatn\u00ed cyklist\u00e9, r\u00e1no bylo jasn\u00e9 slune\u010dn\u00e9 nebe a po sn\u011bhu ani pam\u00e1tky, ale po ob\u011bd\u011b se zat\u00e1hlo a za odpoledne a ve\u010der napadlo spousta sn\u011bhu, tak\u017ee jste museli kolo nechat v pr\u00e1ci a cestovat dom\u016f autobusem? Kdy\u017e v\u00e1s zastihne sn\u011bhov\u00e1 kalamita nedaleko od domova, neb\u00fdv\u00e1 to nic z\u00e1va\u017en\u00e9ho, ale pokud se s n\u00ed pot\u00fdk\u00e1te nap\u0159\u00edklad p\u0159i st\u011bhov\u00e1n\u00ed do \u0160v\u00fdcarska v Alp\u00e1ch nebo p\u0159i st\u011bhov\u00e1n\u00ed do Loty\u0161ska na loty\u0161sk\u00e9 d\u00e1lnici a v d\u016fsledku kalamity tu auta uv\u00edznou v nav\u00e1t\u00fdch z\u00e1v\u011bj\u00edch a tvo\u0159\u00ed se tu dlouh\u00e9 kolony, pak to m\u016f\u017ee st\u011bhovac\u00ed proces \u0159\u00e1dn\u011b zkomplikovat. St\u011bhov\u00e1n\u00ed do zem\u00ed, kde by v\u00e1s mohlo potkat mraziv\u00e9 po\u010das\u00ed a masivn\u00ed sn\u011b\u017een\u00ed, je v\u00fdhodn\u011bj\u0161\u00ed p\u0159esunout na teplej\u0161\u00ed obdob\u00ed roku.Letn\u00ed vedra \u2013 nep\u0159\u00edjemn\u00e9 a dokonce n\u011bkdy i nebezpe\u010dn\u00e9 je st\u011bhov\u00e1n\u00ed v extr\u00e9mn\u00edm horku. M\u00e1te-li mo\u017enost ovlivnit term\u00edn st\u011bhov\u00e1n\u00ed i v l\u00e9t\u011b, p\u0159esu\u0148te st\u011bhovac\u00ed proceduru na chladn\u011bj\u0161\u00ed obdob\u00ed, nejl\u00e9pe na jaro \u010di na podzim. Zvl\u00e1\u0161t\u011b nebezpe\u010dn\u00e9 je to tehdy, pokud se st\u011bhujete nap\u0159\u00edklad z Prahy do Barcelony, v Praze je tou dobou venku p\u0159es t\u0159icet stup\u0148\u016f, ve Francii je je\u0161t\u011b v\u011bt\u0161\u00ed vedro a ve \u0160pan\u011blsku teploty \u0161plhaj\u00ed a\u017e ke \u010dty\u0159ic\u00edtce. Zastihne-li v\u00e1s po cest\u011b \u00fapal, cel\u00e9 st\u011bhov\u00e1n\u00ed se nesm\u00edrn\u011b komplikuje, zvl\u00e1\u0161t\u011b pokud se ocitnete v nemocnici.St\u011bhov\u00e1n\u00ed na kl\u00ed\u010d \u2013 n\u011bkter\u00e9 st\u011bhovac\u00ed firmy jsou ochotn\u00e9 zorganizovat komplexn\u00ed st\u011bhov\u00e1n\u00ed na kl\u00ed\u010d, to znamen\u00e1 po\u010d\u00ednaje balen\u00edm v\u011bc\u00ed a kon\u010de \u00faklidem a vybalen\u00edm p\u0159edm\u011bt\u016f do \u00falo\u017en\u00e9ho prostoru, instalac\u00ed spot\u0159ebi\u010d\u016f, bytov\u00fdch dopl\u0148k\u016f \u010di podlahov\u00e9 krytiny. St\u011bhov\u00e1ci v\u00e1s mohou st\u011bhovat i v no\u010dn\u00edch hodin\u00e1ch, tak\u017ee pokud pot\u0159ebujete vyu\u017e\u00edt t\u011bchto speci\u00e1ln\u00edch slu\u017eeb, sta\u010d\u00ed se domluvit, a to nejl\u00e9pe v p\u0159edstihu t\u0159\u00ed a\u017e p\u011bti t\u00fddn\u016f. St\u011bhov\u00e1n\u00edm na kl\u00ed\u010d sn\u00ed\u017e\u00edte \u00farove\u0148 stresu a budete m\u00edt v\u00edce \u010dasu na vy\u0159izov\u00e1n\u00ed administrativn\u00edch z\u00e1le\u017eitost\u00ed.                                                                                                                                                                                                                                                                                                                                                                                          3.9\/5 - (8 votes)        "},{"@context":"https:\/\/schema.org\/","@type":"BreadcrumbList","itemListElement":[{"@type":"ListItem","position":1,"name":"Co v\u00e1s m\u016f\u017ee potkat p\u0159i st\u011bhov\u00e1n\u00ed do zahrani\u010d\u00ed","item":"https:\/\/www.artim.cz\/co-vas-muze-potkat-pri-stehovani-do-zahranici\/#breadcrumbitem"}]}]