{"@context":"https:\/\/schema.org\/","@type":"CollectionPage","@id":"https:\/\/www.artim.cz\/auto\/#CollectionPage","headline":"Auto Category","description":"","url":"https:\/\/www.artim.cz\/auto\/","hasPart":[{"@type":"Article","@id":"https:\/\/www.artim.cz\/jak-na-dlouhe-cesty-autem\/","headline":"Jak na dlouh\u00e9 cesty autem?","url":"https:\/\/www.artim.cz\/jak-na-dlouhe-cesty-autem\/","datePublished":"2023-12-28","dateModified":"2024-03-28","mainEntityOfPage":"https:\/\/www.artim.cz\/jak-na-dlouhe-cesty-autem\/","author":{"@type":"Person","@id":"https:\/\/www.artim.cz\/author\/#Person","name":"","url":"https:\/\/www.artim.cz\/author\/","identifier":1,"image":{"@type":"ImageObject","@id":"https:\/\/secure.gravatar.com\/avatar\/7b822bed19dfbc78d1cf42b3649cc2489d12c54b7aef64ae719c01ed9f13d563?s=96&d=mm&r=g","url":"https:\/\/secure.gravatar.com\/avatar\/7b822bed19dfbc78d1cf42b3649cc2489d12c54b7aef64ae719c01ed9f13d563?s=96&d=mm&r=g","height":96,"width":96}},"publisher":{"@type":"Organization","name":"artim.cz","logo":{"@type":"ImageObject","@id":"\/logo.png","url":"\/logo.png","width":600,"height":60}},"image":{"@type":"ImageObject","@id":"https:\/\/www.artim.cz\/wp-content\/uploads\/erik-mclean-ZRns2R5azu0-unsplash_4.jpg","url":"https:\/\/www.artim.cz\/wp-content\/uploads\/erik-mclean-ZRns2R5azu0-unsplash_4.jpg","height":0,"width":0},"keywords":null},{"@type":"Article","@id":"https:\/\/www.artim.cz\/rychla-jizda\/","headline":"Rychl\u00e1 j\u00edzda","url":"https:\/\/www.artim.cz\/rychla-jizda\/","datePublished":"2023-08-28","dateModified":"2024-06-28","mainEntityOfPage":"https:\/\/www.artim.cz\/rychla-jizda\/","author":{"@type":"Person","@id":"https:\/\/www.artim.cz\/author\/#Person","name":"","url":"https:\/\/www.artim.cz\/author\/","identifier":1,"image":{"@type":"ImageObject","@id":"https:\/\/secure.gravatar.com\/avatar\/7b822bed19dfbc78d1cf42b3649cc2489d12c54b7aef64ae719c01ed9f13d563?s=96&d=mm&r=g","url":"https:\/\/secure.gravatar.com\/avatar\/7b822bed19dfbc78d1cf42b3649cc2489d12c54b7aef64ae719c01ed9f13d563?s=96&d=mm&r=g","height":96,"width":96}},"publisher":{"@type":"Organization","name":"artim.cz","logo":{"@type":"ImageObject","@id":"\/logo.png","url":"\/logo.png","width":600,"height":60}},"image":{"@type":"ImageObject","@id":"https:\/\/www.artim.cz\/wp-content\/uploads\/porsche-911-gt2-5795128_960_720_1.jpg","url":"https:\/\/www.artim.cz\/wp-content\/uploads\/porsche-911-gt2-5795128_960_720_1.jpg","height":0,"width":0},"keywords":null},{"@type":"Article","@id":"https:\/\/www.artim.cz\/rodinny-automobil\/","headline":"Rodinn\u00fd automobil","url":"https:\/\/www.artim.cz\/rodinny-automobil\/","datePublished":"2023-03-28","dateModified":"2023-04-28","mainEntityOfPage":"https:\/\/www.artim.cz\/rodinny-automobil\/","author":{"@type":"Person","@id":"https:\/\/www.artim.cz\/author\/#Person","name":"","url":"https:\/\/www.artim.cz\/author\/","identifier":1,"image":{"@type":"ImageObject","@id":"https:\/\/secure.gravatar.com\/avatar\/7b822bed19dfbc78d1cf42b3649cc2489d12c54b7aef64ae719c01ed9f13d563?s=96&d=mm&r=g","url":"https:\/\/secure.gravatar.com\/avatar\/7b822bed19dfbc78d1cf42b3649cc2489d12c54b7aef64ae719c01ed9f13d563?s=96&d=mm&r=g","height":96,"width":96}},"publisher":{"@type":"Organization","name":"artim.cz","logo":{"@type":"ImageObject","@id":"\/logo.png","url":"\/logo.png","width":600,"height":60}},"image":{"@type":"ImageObject","@id":"https:\/\/www.artim.cz\/wp-content\/uploads\/car-299772_960_720_1.jpg","url":"https:\/\/www.artim.cz\/wp-content\/uploads\/car-299772_960_720_1.jpg","height":0,"width":0},"keywords":null},{"@type":"Article","@id":"https:\/\/www.artim.cz\/kdyz-ma-muz-vetsi-zajem-o-sve-auto-nez-o-vas\/","headline":"Kdy\u017e m\u00e1 mu\u017e v\u011bt\u0161\u00ed z\u00e1jem o sv\u00e9 auto, ne\u017e o v\u00e1s&#8230;","url":"https:\/\/www.artim.cz\/kdyz-ma-muz-vetsi-zajem-o-sve-auto-nez-o-vas\/","datePublished":"2023-02-27","dateModified":"2023-07-27","mainEntityOfPage":"https:\/\/www.artim.cz\/kdyz-ma-muz-vetsi-zajem-o-sve-auto-nez-o-vas\/","author":{"@type":"Person","@id":"https:\/\/www.artim.cz\/author\/#Person","name":"","url":"https:\/\/www.artim.cz\/author\/","identifier":1,"image":{"@type":"ImageObject","@id":"https:\/\/secure.gravatar.com\/avatar\/7b822bed19dfbc78d1cf42b3649cc2489d12c54b7aef64ae719c01ed9f13d563?s=96&d=mm&r=g","url":"https:\/\/secure.gravatar.com\/avatar\/7b822bed19dfbc78d1cf42b3649cc2489d12c54b7aef64ae719c01ed9f13d563?s=96&d=mm&r=g","height":96,"width":96}},"publisher":{"@type":"Organization","name":"artim.cz","logo":{"@type":"ImageObject","@id":"\/logo.png","url":"\/logo.png","width":600,"height":60}},"image":{"@type":"ImageObject","@id":"https:\/\/www.artim.cz\/wp-content\/uploads\/man-362150_1280.jpg","url":"https:\/\/www.artim.cz\/wp-content\/uploads\/man-362150_1280.jpg","height":0,"width":0},"keywords":null}]}